{"id":1118,"date":"2025-12-03T13:21:20","date_gmt":"2025-12-03T12:21:20","guid":{"rendered":"https:\/\/zoldsziget.suli.hu\/?p=1118"},"modified":"2026-04-29T13:26:56","modified_gmt":"2026-04-29T11:26:56","slug":"oktober-6","status":"publish","type":"post","link":"https:\/\/zoldsziget.suli.hu\/?p=1118","title":{"rendered":"Okt\u00f3ber 6."},"content":{"rendered":"\n<p>Az Aradi v\u00e9rtan\u00fakra eml\u00e9kezt\u00fcnk<\/p>\n\n\n\n<p>Az aul\u00e1ban, Sziklay Helga tan\u00e1rn\u0151 \u00e1ltal k\u00e9sz\u00edtett kompoz\u00edci\u00f3 mellett szervezett \u00fcnneps\u00e9gen<br>eleven\u00edtett\u00fck fel a v\u00e9rtan\u00fa h\u0151s\u00f6k eml\u00e9k\u00e9t. Kolozsi L\u00e1szl\u00f3 tan\u00e1r \u00far r\u00f6vid megeml\u00e9kez\u00e9s\u00e9ben<br>besz\u00e9lt arr\u00f3l, hogy a szabads\u00e1gharc buk\u00e1sa ut\u00e1n 1849. okt\u00f3ber 6-\u00e1n v\u00e9gezt\u00e9k ki az aradi<br>v\u00e9rtan\u00fakat. Az el\u00edt\u00e9ltek nemcsak magyar, hanem n\u00e9met, szerb, horv\u00e1t \u00e9s \u00f6rm\u00e9ny sz\u00e1rmaz\u00e1s\u00fa<br>tisztek is voltak, akik a f\u00fcggetlens\u00e9g\u00e9rt harcoltak.&nbsp;Urb\u00e1n M\u00e1rton vezet\u00e9s\u00e9vel a Kossuth n\u00f3t\u00e1ra<br>Szente Gyula ut\u00e1n minden oszt\u00e1ly gyerty\u00e1t gy\u00fajtott a h\u0151s\u00f6k eml\u00e9kezet\u00e9re.<\/p>\n\n\n\n<figure class=\"wp-block-image size-large\"><img fetchpriority=\"high\" decoding=\"async\" width=\"1024\" height=\"694\" src=\"https:\/\/zoldsziget.suli.hu\/wp-content\/uploads\/2025\/12\/1000014542-1024x694.jpg\" alt=\"\" class=\"wp-image-1119\" srcset=\"https:\/\/zoldsziget.suli.hu\/wp-content\/uploads\/2025\/12\/1000014542-1024x694.jpg 1024w, https:\/\/zoldsziget.suli.hu\/wp-content\/uploads\/2025\/12\/1000014542-300x203.jpg 300w, https:\/\/zoldsziget.suli.hu\/wp-content\/uploads\/2025\/12\/1000014542-768x521.jpg 768w, https:\/\/zoldsziget.suli.hu\/wp-content\/uploads\/2025\/12\/1000014542-1536x1041.jpg 1536w, https:\/\/zoldsziget.suli.hu\/wp-content\/uploads\/2025\/12\/1000014542-2048x1388.jpg 2048w\" sizes=\"(max-width: 1024px) 100vw, 1024px\" \/><\/figure>\n\n\n\n<figure class=\"wp-block-gallery has-nested-images columns-default is-cropped wp-block-gallery-1 is-layout-flex wp-block-gallery-is-layout-flex\">\n<figure class=\"wp-block-image size-large\"><img decoding=\"async\" width=\"577\" height=\"1024\" data-id=\"1122\" src=\"https:\/\/zoldsziget.suli.hu\/wp-content\/uploads\/2025\/12\/1000014549-577x1024.jpg\" alt=\"\" class=\"wp-image-1122\" srcset=\"https:\/\/zoldsziget.suli.hu\/wp-content\/uploads\/2025\/12\/1000014549-577x1024.jpg 577w, https:\/\/zoldsziget.suli.hu\/wp-content\/uploads\/2025\/12\/1000014549-169x300.jpg 169w, https:\/\/zoldsziget.suli.hu\/wp-content\/uploads\/2025\/12\/1000014549-768x1364.jpg 768w, https:\/\/zoldsziget.suli.hu\/wp-content\/uploads\/2025\/12\/1000014549-865x1536.jpg 865w, https:\/\/zoldsziget.suli.hu\/wp-content\/uploads\/2025\/12\/1000014549-1153x2048.jpg 1153w, https:\/\/zoldsziget.suli.hu\/wp-content\/uploads\/2025\/12\/1000014549-scaled.jpg 1442w\" sizes=\"(max-width: 577px) 100vw, 577px\" \/><\/figure>\n\n\n\n<figure class=\"wp-block-image size-large\"><img decoding=\"async\" width=\"577\" height=\"1024\" data-id=\"1121\" src=\"https:\/\/zoldsziget.suli.hu\/wp-content\/uploads\/2025\/12\/1000014546-577x1024.jpg\" alt=\"\" class=\"wp-image-1121\" srcset=\"https:\/\/zoldsziget.suli.hu\/wp-content\/uploads\/2025\/12\/1000014546-577x1024.jpg 577w, https:\/\/zoldsziget.suli.hu\/wp-content\/uploads\/2025\/12\/1000014546-169x300.jpg 169w, https:\/\/zoldsziget.suli.hu\/wp-content\/uploads\/2025\/12\/1000014546-768x1364.jpg 768w, https:\/\/zoldsziget.suli.hu\/wp-content\/uploads\/2025\/12\/1000014546-865x1536.jpg 865w, https:\/\/zoldsziget.suli.hu\/wp-content\/uploads\/2025\/12\/1000014546-1153x2048.jpg 1153w, https:\/\/zoldsziget.suli.hu\/wp-content\/uploads\/2025\/12\/1000014546-scaled.jpg 1442w\" sizes=\"(max-width: 577px) 100vw, 577px\" \/><\/figure>\n\n\n\n<figure class=\"wp-block-image size-large\"><img loading=\"lazy\" decoding=\"async\" width=\"1024\" height=\"577\" data-id=\"1120\" src=\"https:\/\/zoldsziget.suli.hu\/wp-content\/uploads\/2025\/12\/1000014544-1024x577.jpg\" alt=\"\" class=\"wp-image-1120\" srcset=\"https:\/\/zoldsziget.suli.hu\/wp-content\/uploads\/2025\/12\/1000014544-1024x577.jpg 1024w, https:\/\/zoldsziget.suli.hu\/wp-content\/uploads\/2025\/12\/1000014544-300x169.jpg 300w, https:\/\/zoldsziget.suli.hu\/wp-content\/uploads\/2025\/12\/1000014544-768x432.jpg 768w, https:\/\/zoldsziget.suli.hu\/wp-content\/uploads\/2025\/12\/1000014544-1536x865.jpg 1536w, https:\/\/zoldsziget.suli.hu\/wp-content\/uploads\/2025\/12\/1000014544-2048x1153.jpg 2048w\" sizes=\"(max-width: 1024px) 100vw, 1024px\" \/><\/figure>\n<\/figure>\n","protected":false},"excerpt":{"rendered":"<p>Az Aradi v\u00e9rtan\u00fakra eml\u00e9kezt\u00fcnk Az aul\u00e1ban, Sziklay Helga tan\u00e1rn\u0151 \u00e1ltal k\u00e9sz\u00edtett kompoz\u00edci\u00f3 mellett szervezett \u00fcnneps\u00e9geneleven\u00edtett\u00fck fel a v\u00e9rtan\u00fa h\u0151s\u00f6k eml\u00e9k\u00e9t. Kolozsi L\u00e1szl\u00f3 tan\u00e1r \u00far r\u00f6vid megeml\u00e9kez\u00e9s\u00e9benbesz\u00e9lt arr\u00f3l, hogy a szabads\u00e1gharc buk\u00e1sa ut\u00e1n 1849. okt\u00f3ber 6-\u00e1n v\u00e9gezt\u00e9k ki az aradiv\u00e9rtan\u00fakat. Az [&hellip;]<\/p>\n","protected":false},"author":3,"featured_media":0,"comment_status":"closed","ping_status":"open","sticky":false,"template":"","format":"standard","meta":{"footnotes":""},"categories":[1],"tags":[],"class_list":["post-1118","post","type-post","status-publish","format-standard","hentry","category-egyeb"],"_links":{"self":[{"href":"https:\/\/zoldsziget.suli.hu\/index.php?rest_route=\/wp\/v2\/posts\/1118","targetHints":{"allow":["GET"]}}],"collection":[{"href":"https:\/\/zoldsziget.suli.hu\/index.php?rest_route=\/wp\/v2\/posts"}],"about":[{"href":"https:\/\/zoldsziget.suli.hu\/index.php?rest_route=\/wp\/v2\/types\/post"}],"author":[{"embeddable":true,"href":"https:\/\/zoldsziget.suli.hu\/index.php?rest_route=\/wp\/v2\/users\/3"}],"replies":[{"embeddable":true,"href":"https:\/\/zoldsziget.suli.hu\/index.php?rest_route=%2Fwp%2Fv2%2Fcomments&post=1118"}],"version-history":[{"count":1,"href":"https:\/\/zoldsziget.suli.hu\/index.php?rest_route=\/wp\/v2\/posts\/1118\/revisions"}],"predecessor-version":[{"id":1123,"href":"https:\/\/zoldsziget.suli.hu\/index.php?rest_route=\/wp\/v2\/posts\/1118\/revisions\/1123"}],"wp:attachment":[{"href":"https:\/\/zoldsziget.suli.hu\/index.php?rest_route=%2Fwp%2Fv2%2Fmedia&parent=1118"}],"wp:term":[{"taxonomy":"category","embeddable":true,"href":"https:\/\/zoldsziget.suli.hu\/index.php?rest_route=%2Fwp%2Fv2%2Fcategories&post=1118"},{"taxonomy":"post_tag","embeddable":true,"href":"https:\/\/zoldsziget.suli.hu\/index.php?rest_route=%2Fwp%2Fv2%2Ftags&post=1118"}],"curies":[{"name":"wp","href":"https:\/\/api.w.org\/{rel}","templated":true}]}}