{"id":1124,"date":"2025-12-03T13:32:33","date_gmt":"2025-12-03T12:32:33","guid":{"rendered":"https:\/\/zoldsziget.suli.hu\/?p=1124"},"modified":"2026-04-29T13:26:56","modified_gmt":"2026-04-29T11:26:56","slug":"oktober-23","status":"publish","type":"post","link":"https:\/\/zoldsziget.suli.hu\/?p=1124","title":{"rendered":"Okt\u00f3ber 23."},"content":{"rendered":"\n<p>Az \u201956-os h\u0151s\u00f6kre eml\u00e9kezt\u00fcnk<\/p>\n\n\n\n<p>Nemzeti \u00fcnnep\u00fcnk alkalm\u00e1b\u00f3l Az Art oszt\u00e1ly lila csoportja egy mes\u00e9vel eml\u00e9kezett. A<br>hatalmas sasr\u00f3l, a medv\u00e9r\u0151l \u00e9s a sz\u00e9p feh\u00e9r mad\u00e1rr\u00f3l sz\u00f3l\u00f3 t\u00f6rt\u00e9net els\u0151sorban a gyerekek<br>sz\u00e1m\u00e1ra \u00edr\u00f3dott, de minden koroszt\u00e1ly megtal\u00e1lhatta az \u00e9rtelmez\u00e9si s\u00edkot. Mesebeli sz\u00e1m:<br>h\u00e1romszor adt\u00e1k el\u0151. A Z\u00f6ldsziget K\u00f6rzeti \u00c1ltal\u00e1nos Iskol\u00e1ban, a P\u00f3csmegyer<br>Rendezv\u00e9nyk\u00f6zpontban \u00e9s Szigetmonostoron, a Szabads\u00e1g t\u00e9ren.<br>A z\u00f6ldszigetes gyerekek, akik a szabadnapjukat arra sz\u00e1nt\u00e1k, hogy m\u00e9lt\u00f3 m\u00f3don seg\u00edtsenek<br>eml\u00e9kezni, akik a m\u0171v\u00e9szet eszk\u00f6zeivel igyekeztek maguk \u00e9s kort\u00e1rsaik sz\u00e1m\u00e1ra is k\u00f6zelebb<br>hozni a t\u00f6rt\u00e9nelmet:<br>Moln\u00e1r Panka, Bagdi Bianka, Gabler Szaffi, Farkas Eszter, Szlov\u00e1k Dorka, Varga Krisztina,<br>Pa\u00e1l D\u00e1niel, Lange Martin, Projnof Andrej, Farkas Gell\u00e9rt<br>K\u00f6zrem\u0171k\u00f6d\u00f6tt: Zsigmond Petra, Horv\u00e1th Juli, Horv\u00e1th Gell\u00e9rt \u00e9s Babcs\u00e1nyi Bogl\u00e1rka,<br>dr\u00e1ma tagozatos gimnazista<br>Csod\u00e1latos zenei k\u00eds\u00e9ret: Bal\u00e1zs Fanni \u00e9s Magyar J\u00f3zsef &#8216;Magyusz&#8217;<br>\u00cdrta \u00e9s rendezte: Kas Kriszta<\/p>\n\n\n\n<p>fot\u00f3t k\u00e9sz\u00edtette: Melnekn\u00e9 Farkas Gy\u00f6ngyi<\/p>\n\n\n\n<figure class=\"wp-block-image size-large is-style-default\"><img fetchpriority=\"high\" decoding=\"async\" width=\"1024\" height=\"768\" src=\"https:\/\/zoldsziget.suli.hu\/wp-content\/uploads\/2025\/12\/1000006895-1024x768.jpg\" alt=\"\" class=\"wp-image-1128\" srcset=\"https:\/\/zoldsziget.suli.hu\/wp-content\/uploads\/2025\/12\/1000006895-1024x768.jpg 1024w, https:\/\/zoldsziget.suli.hu\/wp-content\/uploads\/2025\/12\/1000006895-300x225.jpg 300w, https:\/\/zoldsziget.suli.hu\/wp-content\/uploads\/2025\/12\/1000006895-768x576.jpg 768w, https:\/\/zoldsziget.suli.hu\/wp-content\/uploads\/2025\/12\/1000006895-1536x1152.jpg 1536w, https:\/\/zoldsziget.suli.hu\/wp-content\/uploads\/2025\/12\/1000006895.jpg 2048w\" sizes=\"(max-width: 1024px) 100vw, 1024px\" \/><\/figure>\n\n\n\n<figure class=\"wp-block-image size-large\"><img decoding=\"async\" width=\"1024\" height=\"768\" src=\"https:\/\/zoldsziget.suli.hu\/wp-content\/uploads\/2025\/12\/1000006898-1024x768.jpg\" alt=\"\" class=\"wp-image-1126\" srcset=\"https:\/\/zoldsziget.suli.hu\/wp-content\/uploads\/2025\/12\/1000006898-1024x768.jpg 1024w, https:\/\/zoldsziget.suli.hu\/wp-content\/uploads\/2025\/12\/1000006898-300x225.jpg 300w, https:\/\/zoldsziget.suli.hu\/wp-content\/uploads\/2025\/12\/1000006898-768x576.jpg 768w, https:\/\/zoldsziget.suli.hu\/wp-content\/uploads\/2025\/12\/1000006898-1536x1152.jpg 1536w, https:\/\/zoldsziget.suli.hu\/wp-content\/uploads\/2025\/12\/1000006898.jpg 2048w\" sizes=\"(max-width: 1024px) 100vw, 1024px\" \/><\/figure>\n\n\n\n<figure class=\"wp-block-gallery has-nested-images columns-default is-cropped wp-block-gallery-1 is-layout-flex wp-block-gallery-is-layout-flex\">\n<figure class=\"wp-block-image size-large\"><img decoding=\"async\" width=\"1024\" height=\"768\" data-id=\"1127\" src=\"https:\/\/zoldsziget.suli.hu\/wp-content\/uploads\/2025\/12\/1000006896-1024x768.jpg\" alt=\"\" class=\"wp-image-1127\" srcset=\"https:\/\/zoldsziget.suli.hu\/wp-content\/uploads\/2025\/12\/1000006896-1024x768.jpg 1024w, https:\/\/zoldsziget.suli.hu\/wp-content\/uploads\/2025\/12\/1000006896-300x225.jpg 300w, https:\/\/zoldsziget.suli.hu\/wp-content\/uploads\/2025\/12\/1000006896-768x576.jpg 768w, https:\/\/zoldsziget.suli.hu\/wp-content\/uploads\/2025\/12\/1000006896-1536x1152.jpg 1536w, https:\/\/zoldsziget.suli.hu\/wp-content\/uploads\/2025\/12\/1000006896.jpg 2048w\" sizes=\"(max-width: 1024px) 100vw, 1024px\" \/><\/figure>\n\n\n\n<figure class=\"wp-block-image size-large\"><img loading=\"lazy\" decoding=\"async\" width=\"1024\" height=\"768\" data-id=\"1125\" src=\"https:\/\/zoldsziget.suli.hu\/wp-content\/uploads\/2025\/12\/1000006894-1024x768.jpg\" alt=\"\" class=\"wp-image-1125\" srcset=\"https:\/\/zoldsziget.suli.hu\/wp-content\/uploads\/2025\/12\/1000006894-1024x768.jpg 1024w, https:\/\/zoldsziget.suli.hu\/wp-content\/uploads\/2025\/12\/1000006894-300x225.jpg 300w, https:\/\/zoldsziget.suli.hu\/wp-content\/uploads\/2025\/12\/1000006894-768x576.jpg 768w, https:\/\/zoldsziget.suli.hu\/wp-content\/uploads\/2025\/12\/1000006894-1536x1152.jpg 1536w, https:\/\/zoldsziget.suli.hu\/wp-content\/uploads\/2025\/12\/1000006894.jpg 2048w\" sizes=\"(max-width: 1024px) 100vw, 1024px\" \/><\/figure>\n<\/figure>\n","protected":false},"excerpt":{"rendered":"<p>Az \u201956-os h\u0151s\u00f6kre eml\u00e9kezt\u00fcnk Nemzeti \u00fcnnep\u00fcnk alkalm\u00e1b\u00f3l Az Art oszt\u00e1ly lila csoportja egy mes\u00e9vel eml\u00e9kezett. Ahatalmas sasr\u00f3l, a medv\u00e9r\u0151l \u00e9s a sz\u00e9p feh\u00e9r mad\u00e1rr\u00f3l sz\u00f3l\u00f3 t\u00f6rt\u00e9net els\u0151sorban a gyerekeksz\u00e1m\u00e1ra \u00edr\u00f3dott, de minden koroszt\u00e1ly megtal\u00e1lhatta az \u00e9rtelmez\u00e9si s\u00edkot. Mesebeli sz\u00e1m:h\u00e1romszor adt\u00e1k [&hellip;]<\/p>\n","protected":false},"author":3,"featured_media":0,"comment_status":"closed","ping_status":"open","sticky":false,"template":"","format":"standard","meta":{"footnotes":""},"categories":[1],"tags":[],"class_list":["post-1124","post","type-post","status-publish","format-standard","hentry","category-egyeb"],"_links":{"self":[{"href":"https:\/\/zoldsziget.suli.hu\/index.php?rest_route=\/wp\/v2\/posts\/1124","targetHints":{"allow":["GET"]}}],"collection":[{"href":"https:\/\/zoldsziget.suli.hu\/index.php?rest_route=\/wp\/v2\/posts"}],"about":[{"href":"https:\/\/zoldsziget.suli.hu\/index.php?rest_route=\/wp\/v2\/types\/post"}],"author":[{"embeddable":true,"href":"https:\/\/zoldsziget.suli.hu\/index.php?rest_route=\/wp\/v2\/users\/3"}],"replies":[{"embeddable":true,"href":"https:\/\/zoldsziget.suli.hu\/index.php?rest_route=%2Fwp%2Fv2%2Fcomments&post=1124"}],"version-history":[{"count":1,"href":"https:\/\/zoldsziget.suli.hu\/index.php?rest_route=\/wp\/v2\/posts\/1124\/revisions"}],"predecessor-version":[{"id":1129,"href":"https:\/\/zoldsziget.suli.hu\/index.php?rest_route=\/wp\/v2\/posts\/1124\/revisions\/1129"}],"wp:attachment":[{"href":"https:\/\/zoldsziget.suli.hu\/index.php?rest_route=%2Fwp%2Fv2%2Fmedia&parent=1124"}],"wp:term":[{"taxonomy":"category","embeddable":true,"href":"https:\/\/zoldsziget.suli.hu\/index.php?rest_route=%2Fwp%2Fv2%2Fcategories&post=1124"},{"taxonomy":"post_tag","embeddable":true,"href":"https:\/\/zoldsziget.suli.hu\/index.php?rest_route=%2Fwp%2Fv2%2Ftags&post=1124"}],"curies":[{"name":"wp","href":"https:\/\/api.w.org\/{rel}","templated":true}]}}