{"id":1130,"date":"2025-12-03T13:38:21","date_gmt":"2025-12-03T12:38:21","guid":{"rendered":"https:\/\/zoldsziget.suli.hu\/?p=1130"},"modified":"2026-04-29T13:26:56","modified_gmt":"2026-04-29T11:26:56","slug":"szigetmonostor-legjobb-diak-ujsagiroja","status":"publish","type":"post","link":"https:\/\/zoldsziget.suli.hu\/?p=1130","title":{"rendered":"Szigetmonostor legjobb di\u00e1k \u00fajs\u00e1g\u00edr\u00f3ja"},"content":{"rendered":"\n<p>Az \u00dajs\u00e1gol\u00f3 szeptemberi lapsz\u00e1m\u00e1ban hirdette meg a Z\u00f6ldsziget K\u00f6rzeti \u00c1ltal\u00e1nos Iskol\u00e1nak,<br>Szigetmonostor K\u00f6zs\u00e9g \u00d6nkorm\u00e1nyzat\u00e1nak \u00e9s az \u00dajs\u00e1gol\u00f3 szerkeszt\u0151s\u00e9g\u00e9nek k\u00f6z\u00f6s<br>p\u00e1ly\u00e1zat\u00e1t a falu fels\u0151 tagozatos di\u00e1kjai sz\u00e1m\u00e1ra. A felh\u00edv\u00e1sra 22 szerz\u0151 17 p\u00e1lyam\u0171vet<br>k\u00fcld\u00f6tt. A zs\u0171ri, Moln\u00e1r Zsolt, polg\u00e1rmester, Hantos Zolt\u00e1n, az \u00dajs\u00e1gol\u00f3 f\u0151szerkeszt\u0151je, \u00e9s<br>Kas Kriszta magyartan\u00e1r, megosztott d\u00edj oda\u00edt\u00e9l\u00e9s\u00e9r\u0151l d\u00f6nt\u00f6tt. Ennek alapj\u00e1n 2025-ben a<br>Szigetmonostor legjobb di\u00e1k \u00fajs\u00e1g\u00edr\u00f3ja d\u00edjat Hol\u00e9 Eszter: Interj\u00fa oszt\u00e1lyf\u0151n\u00f6k\u00f6mmel,<br>Bottlikn\u00e9 Gr\u00f3sz \u00c1gnessel c\u00edm\u0171 \u00edr\u00e1sa \u00e9s Moln\u00e1r Panka \u00c1gnes: Interj\u00fa egy \u00d6nk\u00e9ntes<br>T\u0171zolt\u00f3val c\u00edm\u0171 p\u00e1lyam\u0171ve nyerte el. A d\u00edjazottak egy-egy 10&nbsp;000 Ft \u00e9rt\u00e9k\u0171 k\u00f6nyvutalv\u00e1nyt<br>kaptak.<br>Minden bek\u00fcld\u0151nek \u00e9s d\u00edjazottnak gratul\u00e1lunk! J\u00f6v\u0151beli elk\u00e9pzel\u00e9s\u00fcnk, hogy a jelen<br>p\u00e1ly\u00e1zatot, kieg\u00e9sz\u00edtve egy sz\u00e9pirodalmi p\u00e1ly\u00e1zattal, minden \u00e9vben ki\u00edrjuk a szigetmonostori<br>di\u00e1kok sz\u00e1m\u00e1ra. Nem titkolt c\u00e9lunk ezzel, hogy az olvas\u00e1s, az \u00edr\u00e1s szeretet\u00e9t\u00e9re \u00f6szt\u00f6n\u00f6zz\u00fck<br>a telep\u00fcl\u00e9s fiataljait. A nyertes p\u00e1lyam\u0171veket az \u00dajs\u00e1gol\u00f3 novemberi lapsz\u00e1munkban<br>k\u00f6z\u00f6lt\u00e9k. Ezzel egy\u00fctt, mivel a p\u00e1lyam\u0171vek k\u00f6z\u00f6tt sok sz\u00e9pirodalmi kvalit\u00e1s\u00fa \u00edr\u00e1s is tal\u00e1lhat\u00f3,<br>a lap Az irodalom visszav\u00e1g c\u00edmmel \u00faj rovatot ind\u00edt, amiben a fiatal tehets\u00e9gek sz\u00e1m\u00e1ra k\u00edn\u00e1l<br>majd<br>megjelen\u00e9si fel\u00fcletet verseik \u00e9s pr\u00f3z\u00e1ik sz\u00e1m\u00e1ra.<\/p>\n\n\n\n<p>A p\u00e1ly\u00e1zaton indul\u00f3 di\u00e1kok:<br>Bartha Pandus, Marlen D\u00f3ra, Hol\u00e9 Eszter, Moln\u00e1r Panka, Szedres Kopp\u00e1ny, T\u00edm\u00e1r Csongor,<br>Georgi Zsombor, Szirmai Z\u00e9t\u00e9ny, Varga Krisztina, Szlov\u00e1k Dorka, Br\u00f3di M\u00e1rk, Iv\u00e1nyi-<br>Gyimesi M\u00e1ty\u00e1s, B\u00edr\u00f3 Zsuzsi, Fatka Rita, \u00c1d\u00e1m Anna, G\u00e1bris Korn\u00e9l, V\u00e1czi Reg\u0151, Bagdi<br>Bianka, Gabler Szaffi, Farkas Eszter, Gy\u0151rky Lili, Farkas Gell\u00e9rt<br>Minden r\u00e9sztvev\u0151 lehet\u0151s\u00e9get kap egy MTVA-l\u00e1togat\u00e1sra, amelyre december h\u00f3napban ker\u00fcl<br>sor. K\u00f6sz\u00f6nj\u00fck az \u00d6nkorm\u00e1nyzat seg\u00edts\u00e9g\u00e9t \u00e9s t\u00e1mogat\u00e1s\u00e1t!<\/p>\n\n\n\n<figure class=\"wp-block-gallery has-nested-images columns-default is-cropped wp-block-gallery-1 is-layout-flex wp-block-gallery-is-layout-flex\">\n<figure class=\"wp-block-image size-large\"><img fetchpriority=\"high\" decoding=\"async\" width=\"1024\" height=\"768\" data-id=\"1132\" src=\"https:\/\/zoldsziget.suli.hu\/wp-content\/uploads\/2025\/12\/20251114_105929-1024x768.jpg\" alt=\"\" class=\"wp-image-1132\" srcset=\"https:\/\/zoldsziget.suli.hu\/wp-content\/uploads\/2025\/12\/20251114_105929-1024x768.jpg 1024w, https:\/\/zoldsziget.suli.hu\/wp-content\/uploads\/2025\/12\/20251114_105929-300x225.jpg 300w, https:\/\/zoldsziget.suli.hu\/wp-content\/uploads\/2025\/12\/20251114_105929-768x576.jpg 768w, https:\/\/zoldsziget.suli.hu\/wp-content\/uploads\/2025\/12\/20251114_105929-1536x1152.jpg 1536w, https:\/\/zoldsziget.suli.hu\/wp-content\/uploads\/2025\/12\/20251114_105929-2048x1536.jpg 2048w\" sizes=\"(max-width: 1024px) 100vw, 1024px\" \/><\/figure>\n\n\n\n<figure class=\"wp-block-image size-large\"><img decoding=\"async\" width=\"1024\" height=\"769\" data-id=\"1131\" src=\"https:\/\/zoldsziget.suli.hu\/wp-content\/uploads\/2025\/12\/1000015273-1024x769.jpg\" alt=\"\" class=\"wp-image-1131\" srcset=\"https:\/\/zoldsziget.suli.hu\/wp-content\/uploads\/2025\/12\/1000015273-1024x769.jpg 1024w, https:\/\/zoldsziget.suli.hu\/wp-content\/uploads\/2025\/12\/1000015273-300x225.jpg 300w, https:\/\/zoldsziget.suli.hu\/wp-content\/uploads\/2025\/12\/1000015273-768x576.jpg 768w, https:\/\/zoldsziget.suli.hu\/wp-content\/uploads\/2025\/12\/1000015273-1536x1153.jpg 1536w, https:\/\/zoldsziget.suli.hu\/wp-content\/uploads\/2025\/12\/1000015273-2048x1537.jpg 2048w\" sizes=\"(max-width: 1024px) 100vw, 1024px\" \/><\/figure>\n<\/figure>\n","protected":false},"excerpt":{"rendered":"<p>Az \u00dajs\u00e1gol\u00f3 szeptemberi lapsz\u00e1m\u00e1ban hirdette meg a Z\u00f6ldsziget K\u00f6rzeti \u00c1ltal\u00e1nos Iskol\u00e1nak,Szigetmonostor K\u00f6zs\u00e9g \u00d6nkorm\u00e1nyzat\u00e1nak \u00e9s az \u00dajs\u00e1gol\u00f3 szerkeszt\u0151s\u00e9g\u00e9nek k\u00f6z\u00f6sp\u00e1ly\u00e1zat\u00e1t a falu fels\u0151 tagozatos di\u00e1kjai sz\u00e1m\u00e1ra. A felh\u00edv\u00e1sra 22 szerz\u0151 17 p\u00e1lyam\u0171vetk\u00fcld\u00f6tt. A zs\u0171ri, Moln\u00e1r Zsolt, polg\u00e1rmester, Hantos Zolt\u00e1n, az \u00dajs\u00e1gol\u00f3 f\u0151szerkeszt\u0151je, [&hellip;]<\/p>\n","protected":false},"author":3,"featured_media":0,"comment_status":"closed","ping_status":"open","sticky":false,"template":"","format":"standard","meta":{"footnotes":""},"categories":[1],"tags":[],"class_list":["post-1130","post","type-post","status-publish","format-standard","hentry","category-egyeb"],"_links":{"self":[{"href":"https:\/\/zoldsziget.suli.hu\/index.php?rest_route=\/wp\/v2\/posts\/1130","targetHints":{"allow":["GET"]}}],"collection":[{"href":"https:\/\/zoldsziget.suli.hu\/index.php?rest_route=\/wp\/v2\/posts"}],"about":[{"href":"https:\/\/zoldsziget.suli.hu\/index.php?rest_route=\/wp\/v2\/types\/post"}],"author":[{"embeddable":true,"href":"https:\/\/zoldsziget.suli.hu\/index.php?rest_route=\/wp\/v2\/users\/3"}],"replies":[{"embeddable":true,"href":"https:\/\/zoldsziget.suli.hu\/index.php?rest_route=%2Fwp%2Fv2%2Fcomments&post=1130"}],"version-history":[{"count":1,"href":"https:\/\/zoldsziget.suli.hu\/index.php?rest_route=\/wp\/v2\/posts\/1130\/revisions"}],"predecessor-version":[{"id":1133,"href":"https:\/\/zoldsziget.suli.hu\/index.php?rest_route=\/wp\/v2\/posts\/1130\/revisions\/1133"}],"wp:attachment":[{"href":"https:\/\/zoldsziget.suli.hu\/index.php?rest_route=%2Fwp%2Fv2%2Fmedia&parent=1130"}],"wp:term":[{"taxonomy":"category","embeddable":true,"href":"https:\/\/zoldsziget.suli.hu\/index.php?rest_route=%2Fwp%2Fv2%2Fcategories&post=1130"},{"taxonomy":"post_tag","embeddable":true,"href":"https:\/\/zoldsziget.suli.hu\/index.php?rest_route=%2Fwp%2Fv2%2Ftags&post=1130"}],"curies":[{"name":"wp","href":"https:\/\/api.w.org\/{rel}","templated":true}]}}