{"id":1222,"date":"2026-01-12T08:13:09","date_gmt":"2026-01-12T07:13:09","guid":{"rendered":"https:\/\/zoldsziget.suli.hu\/?p=1222"},"modified":"2026-04-29T13:26:56","modified_gmt":"2026-04-29T11:26:56","slug":"mtva-latogatason-a-szigetmonostori-diak-ujsagirok","status":"publish","type":"post","link":"https:\/\/zoldsziget.suli.hu\/?p=1222","title":{"rendered":"MTVA-l\u00e1togat\u00e1son a szigetmonostori di\u00e1k \u00fajs\u00e1g\u00edr\u00f3k"},"content":{"rendered":"\n<p>Az \u00dajs\u00e1gol\u00f3 szeptemberi lapsz\u00e1m\u00e1ban hirdette meg a Z\u00f6ldsziget K\u00f6rzeti \u00c1ltal\u00e1nos Iskol\u00e1nak,<br>Szigetmonostor K\u00f6zs\u00e9g \u00d6nkorm\u00e1nyzat\u00e1nak \u00e9s az \u00dajs\u00e1gol\u00f3 szerkeszt\u0151s\u00e9g\u00e9nek k\u00f6z\u00f6s<br>p\u00e1ly\u00e1zat\u00e1t a falu fels\u0151 tagozatos di\u00e1kjai sz\u00e1m\u00e1ra. A felh\u00edv\u00e1sra 22 szerz\u0151 17 p\u00e1lyam\u0171vet<br>k\u00fcld\u00f6tt. A r\u00e9sztvev\u0151 di\u00e1kok mindannyian lehet\u0151s\u00e9get kaptak, hogy l\u00e1togat\u00e1son vegyenek r\u00e9szt<br>az MTVA-ban.<br>A kir\u00e1ndul\u00e1sra 2025. december 16-\u00e1n ker\u00fclt sor. A mintegy k\u00e9t \u00f3r\u00e1t nagyon tartalmasan<br>t\u00f6lt\u00f6tt\u00fck el. Megtekintett\u00fcnk egy kisfilmet a magyar telev\u00edzi\u00f3z\u00e1s t\u00f6rt\u00e9net\u00e9r\u0151l, r\u00e9szt vett\u00fcnk<br>egy telev\u00edzi\u00f3- \u00e9s r\u00e1di\u00f3t\u00f6rt\u00e9neti t\u00e1rlatvezet\u00e9sen, ahol r\u00e9gi kamer\u00e1kat, telev\u00edzi\u00f3kat,<br>r\u00e1di\u00f3sk\u00e9sz\u00fcl\u00e9keket is l\u00e1ttunk, megl\u00e1togattunk m\u0171k\u00f6d\u0151 st\u00fadi\u00f3kat, a v\u00e9g\u00e9n pedig a l\u00e1togat\u00f3<br>st\u00fadi\u00f3ban a gyerekek k\u00e9sz\u00edthettek H\u00edrad\u00f3t, valamint szinkroniz\u00e1lhattak egy filmjelenetet.<br>L\u00e1ttuk a hatalmas TV-macit, az igazi S\u00fcs\u00fct, sminkszob\u00e1t, jelmezt\u00e1rat, tov\u00e1bb\u00e1<br>r\u00e1csod\u00e1lkozhattunk a technika \u00e9s a digit\u00e1lis vil\u00e1g adta lehet\u0151s\u00e9gekre.<br>A legizgalmasabb tal\u00e1n a telev\u00edzi\u00f3z\u00e1s gyakorlati megtapasztal\u00e1sa volt. A di\u00e1kok<br>kipr\u00f3b\u00e1lhatt\u00e1k magukat t\u00f6bb szerepben: riporter, interj\u00faalany, operat\u0151r, hangm\u00e9rn\u00f6k,<br>felv\u00e9telvezet\u0151, gy\u00e1rt\u00e1svezet\u0151. A szinkroniz\u00e1l\u00e1s sor\u00e1n az ajt\u00f3nyikorg\u00e1st\u00f3l a kavicson<br>l\u00e9pked\u00e9sig minden hangot \u0151k alkottak meg a jelenet al\u00e1. Ezeket a felv\u00e9teleket meg is kaptuk.<br>Remek \u00e9lm\u00e9ny volt a telev\u00edzi\u00f3z\u00e1s kulisszatitkaiba betekinteni s tal\u00e1n n\u00e9h\u00e1ny di\u00e1k sz\u00e1m\u00e1ra ez<br>egy p\u00e1lyaorient\u00e1ci\u00f3s nappal is fel\u00e9rt.<br>K\u00f6sz\u00f6nj\u00fck a lehet\u0151s\u00e9get Szigetmonostor K\u00f6zs\u00e9g \u00d6nkorm\u00e1nyzat\u00e1nak, s k\u00fcl\u00f6n Moln\u00e1r Zsolt<br>polg\u00e1rmester \u00farnak, aki nemcsak a szervez\u00e9sben, hanem a lebonyol\u00edt\u00e1sban is seg\u00edts\u00e9g\u00fcnkre<br>volt, \u0151 a \u201ek\u00eds\u00e9r\u0151tan\u00e1r\u201d szerep\u00e9t pr\u00f3b\u00e1lhatta ki aznap. K\u00f6sz\u00f6nj\u00fck Morvay Zsuzsa tan\u00e1rn\u0151nek,<br>hogy vel\u00fcnk tartott.<br>B\u00edzunk benne, j\u00f6v\u0151re ugyanilyen lelkesen vesznek r\u00e9szt a di\u00e1kok a p\u00e1ly\u00e1zaton.<\/p>\n\n\n\n<p>Kas Kriszta<br>magyartan\u00e1r, a zs\u0171ri tagja<\/p>\n\n\n\n<figure class=\"wp-block-image size-large\"><img fetchpriority=\"high\" decoding=\"async\" width=\"1024\" height=\"699\" src=\"https:\/\/zoldsziget.suli.hu\/wp-content\/uploads\/2026\/01\/MTVA1-1024x699.jpg\" alt=\"\" class=\"wp-image-1223\" srcset=\"https:\/\/zoldsziget.suli.hu\/wp-content\/uploads\/2026\/01\/MTVA1-1024x699.jpg 1024w, https:\/\/zoldsziget.suli.hu\/wp-content\/uploads\/2026\/01\/MTVA1-300x205.jpg 300w, https:\/\/zoldsziget.suli.hu\/wp-content\/uploads\/2026\/01\/MTVA1-768x524.jpg 768w, https:\/\/zoldsziget.suli.hu\/wp-content\/uploads\/2026\/01\/MTVA1-1536x1049.jpg 1536w, https:\/\/zoldsziget.suli.hu\/wp-content\/uploads\/2026\/01\/MTVA1.jpg 2033w\" sizes=\"(max-width: 1024px) 100vw, 1024px\" \/><\/figure>\n\n\n\n<figure class=\"wp-block-image size-large\"><img decoding=\"async\" width=\"1024\" height=\"1024\" src=\"https:\/\/zoldsziget.suli.hu\/wp-content\/uploads\/2026\/01\/1000016485-1024x1024.jpg\" alt=\"\" class=\"wp-image-1224\" srcset=\"https:\/\/zoldsziget.suli.hu\/wp-content\/uploads\/2026\/01\/1000016485-1024x1024.jpg 1024w, https:\/\/zoldsziget.suli.hu\/wp-content\/uploads\/2026\/01\/1000016485-300x300.jpg 300w, https:\/\/zoldsziget.suli.hu\/wp-content\/uploads\/2026\/01\/1000016485-150x150.jpg 150w, https:\/\/zoldsziget.suli.hu\/wp-content\/uploads\/2026\/01\/1000016485-768x768.jpg 768w, https:\/\/zoldsziget.suli.hu\/wp-content\/uploads\/2026\/01\/1000016485-1536x1536.jpg 1536w, https:\/\/zoldsziget.suli.hu\/wp-content\/uploads\/2026\/01\/1000016485-2048x2048.jpg 2048w, https:\/\/zoldsziget.suli.hu\/wp-content\/uploads\/2026\/01\/1000016485-200x200.jpg 200w\" sizes=\"(max-width: 1024px) 100vw, 1024px\" \/><\/figure>\n","protected":false},"excerpt":{"rendered":"<p>Az \u00dajs\u00e1gol\u00f3 szeptemberi lapsz\u00e1m\u00e1ban hirdette meg a Z\u00f6ldsziget K\u00f6rzeti \u00c1ltal\u00e1nos Iskol\u00e1nak,Szigetmonostor K\u00f6zs\u00e9g \u00d6nkorm\u00e1nyzat\u00e1nak \u00e9s az \u00dajs\u00e1gol\u00f3 szerkeszt\u0151s\u00e9g\u00e9nek k\u00f6z\u00f6sp\u00e1ly\u00e1zat\u00e1t a falu fels\u0151 tagozatos di\u00e1kjai sz\u00e1m\u00e1ra. A felh\u00edv\u00e1sra 22 szerz\u0151 17 p\u00e1lyam\u0171vetk\u00fcld\u00f6tt. A r\u00e9sztvev\u0151 di\u00e1kok mindannyian lehet\u0151s\u00e9get kaptak, hogy l\u00e1togat\u00e1son vegyenek r\u00e9sztaz [&hellip;]<\/p>\n","protected":false},"author":3,"featured_media":0,"comment_status":"closed","ping_status":"open","sticky":false,"template":"","format":"standard","meta":{"footnotes":""},"categories":[1],"tags":[],"class_list":["post-1222","post","type-post","status-publish","format-standard","hentry","category-egyeb"],"_links":{"self":[{"href":"https:\/\/zoldsziget.suli.hu\/index.php?rest_route=\/wp\/v2\/posts\/1222","targetHints":{"allow":["GET"]}}],"collection":[{"href":"https:\/\/zoldsziget.suli.hu\/index.php?rest_route=\/wp\/v2\/posts"}],"about":[{"href":"https:\/\/zoldsziget.suli.hu\/index.php?rest_route=\/wp\/v2\/types\/post"}],"author":[{"embeddable":true,"href":"https:\/\/zoldsziget.suli.hu\/index.php?rest_route=\/wp\/v2\/users\/3"}],"replies":[{"embeddable":true,"href":"https:\/\/zoldsziget.suli.hu\/index.php?rest_route=%2Fwp%2Fv2%2Fcomments&post=1222"}],"version-history":[{"count":1,"href":"https:\/\/zoldsziget.suli.hu\/index.php?rest_route=\/wp\/v2\/posts\/1222\/revisions"}],"predecessor-version":[{"id":1225,"href":"https:\/\/zoldsziget.suli.hu\/index.php?rest_route=\/wp\/v2\/posts\/1222\/revisions\/1225"}],"wp:attachment":[{"href":"https:\/\/zoldsziget.suli.hu\/index.php?rest_route=%2Fwp%2Fv2%2Fmedia&parent=1222"}],"wp:term":[{"taxonomy":"category","embeddable":true,"href":"https:\/\/zoldsziget.suli.hu\/index.php?rest_route=%2Fwp%2Fv2%2Fcategories&post=1222"},{"taxonomy":"post_tag","embeddable":true,"href":"https:\/\/zoldsziget.suli.hu\/index.php?rest_route=%2Fwp%2Fv2%2Ftags&post=1222"}],"curies":[{"name":"wp","href":"https:\/\/api.w.org\/{rel}","templated":true}]}}