{"id":1338,"date":"2026-02-12T10:10:24","date_gmt":"2026-02-12T09:10:24","guid":{"rendered":"https:\/\/zoldsziget.suli.hu\/?p=1338"},"modified":"2026-04-29T13:26:56","modified_gmt":"2026-04-29T11:26:56","slug":"februar-irodalmi-lepegeto","status":"publish","type":"post","link":"https:\/\/zoldsziget.suli.hu\/?p=1338","title":{"rendered":"Febru\u00e1r- Irodalmi l\u00e9peget\u0151"},"content":{"rendered":"\n<p>Az Irodalmi R\u00e1di\u00f3 <em>Romantikus t\u00f6rt\u00e9netek<\/em> c\u00edmet visel\u0151 novellap\u00e1ly\u00e1zat\u00e1ra 2025. december 10-ig v\u00e1rt\u00e1k a p\u00e1lyam\u0171veket. A p\u00e1ly\u00e1zatra <strong>Hol\u00e9 Eszter<\/strong>, a di\u00e1k \u00fajs\u00e1g\u00edr\u00f3 p\u00e1ly\u00e1zat egyik gy\u0151ztese, a Z\u00f6ldsziget K\u00f6rzeti \u00c1ltal\u00e1nos Iskola 6.a oszt\u00e1lyos tanul\u00f3ja is k\u00fcld\u00f6tt pr\u00f3zai \u00edr\u00e1st. Sok p\u00e1lyam\u0171 \u00e9rkezett, Eszter az egyik legfiatalabb p\u00e1ly\u00e1z\u00f3k\u00e9nt beker\u00fclt novell\u00e1j\u00e1val az antol\u00f3gi\u00e1ba. Az <em>Egy cs\u00f3k\u00e9rt cser\u00e9be<\/em> c\u00edmet visel\u0151 k\u00f6tetben olvashat\u00f3 <em>A pillanat, ami mindent megv\u00e1ltoztatott<\/em> c\u00edm\u0171 \u00edr\u00e1sa.<\/p>\n\n\n\n<p>Eszter egy iskolai p\u00e1ly\u00e1zatra is adott be p\u00e1lyam\u0171vet. A ki\u00edr\u00e1s arra buzd\u00edtotta a di\u00e1kokat, k\u00e9sz\u00edtsenek interj\u00fat \u2019Gyermekkorom Monostoron\u2019 t\u00e9m\u00e1ban. Eszter egy mer\u00e9sz \u00f6tlettel \u00e1llt el\u0151 \u00e9s saj\u00e1t mag\u00e1val besz\u00e9lgetett el, hogy elmondhassa, mi\u00e9rt szeret itt \u00e9lni. <em>Ez\u00fattal Az irodalom visszav\u00e1g<\/em> rovatban ezt az \u00f6n-interj\u00fat olvashatjuk. Szeretettel gratul\u00e1lunk \u00e9s k\u00edv\u00e1njuk, lelje tov\u00e1bbra is \u00f6r\u00f6m\u00e9t az \u00edr\u00e1sban s l\u00e9pegessen tov\u00e1bb a k\u00fcl\u00f6nb\u00f6z\u0151 m\u0171fajok, st\u00edlusok k\u00f6z\u00f6tt.<\/p>\n\n\n\n<p><strong>Hol\u00e9 Eszter: Interj\u00fa magammal<\/strong><\/p>\n\n\n\n<ul class=\"wp-block-list\">\n<li><em>Mi\u00e9rt szeretsz itt \u00e9lni?<\/em><\/li>\n\n\n\n<li>Az\u00e9rt, mert el\u00e9g nyugodt hely, lehetetlen elt\u00e9vedni. Igaz\u00e1b\u00f3l erre nem nagyon lehet szavakat tal\u00e1lni. Csak egyszer\u0171en j\u00f3!<\/li>\n\n\n\n<li><em>El szeretn\u00e9l menni innen a mostani gondolkod\u00e1soddal?<\/em><\/li>\n\n\n\n<li>Nem, nem szeretn\u00e9k, mivel megvan itt a bar\u00e1ti k\u00f6r\u00f6m \u00e9s \u00e9n el\u00e9g nehezen tudok beilleszkedni. Mint eml\u00edtettem, szeretek itt lenni, sz\u00f3val most nem szeretn\u00e9k elmenni innen.<\/li>\n\n\n\n<li><em>Mi a kedvenced itt?<\/em><\/li>\n\n\n\n<li>A ny\u00e1ri sz\u00fcnet, amikor elmegy\u00fcnk a bar\u00e1taimmal valahova. Szeretem, amikor 5 perc s\u00e9ta ut\u00e1n ott vagyok az egyik bar\u00e1tomn\u00e1l. Vagy amikor t\u00e9len sz\u00e1nk\u00f3zni megy\u00fcnk \u00e9s lecs\u00faszunk a g\u00e1ton.<\/li>\n\n\n\n<li><em>Mi a legnagyobb h\u00e1tr\u00e1ny?<\/em><\/li>\n\n\n\n<li>Ez engem nem nagyon \u00e9rint, de p\u00e9ld\u00e1ul most csak egyf\u00e9lek\u00e9ppen lehet kijutni a szigetr\u0151l, mivel nem j\u00e1rnak a kompok. Az nem a legjobb, ha valaki nem ide j\u00e1r suliba.<\/li>\n\n\n\n<li><em>Mi volt a legfur\u00e1bb, amit megk\u00e9rdeztek azzal kapcsolatban, hogy milyen itt?<\/em><\/li>\n\n\n\n<li>A legfur\u00e1bb az volt, amikor egy l\u00e1ny megk\u00e9rdezte, hogyan jutunk ki a szigetr\u0151l. Erre azt mondtam, hogy t\u00f6bbnyire komppal. A l\u00e1ny megk\u00e9rdezte, mi az a komp. Ezen nagyon meglep\u0151dtem.<\/li>\n\n\n\n<li><em>Mi\u00f3ta laksz itt?<\/em><\/li>\n\n\n\n<li>Nekem mindig is ez volt az otthonom, ami\u00f3ta megsz\u00fclettem. Sz\u00f3val el\u00e9gg\u00e9 ismerem a szigetet. Az oszt\u00e1lyban van, akit sz\u00fclet\u00e9sem \u00f3ta ismerek.<\/li>\n\n\n\n<li><em>Hogyan hat r\u00e1d ez a sziget, ahol \u00e9l\u00fcnk?<\/em><\/li>\n\n\n\n<li>Szerintem sokkal jobb, mintha nagyv\u00e1rosban \u00e9ln\u00e9k. Megvan az a szabads\u00e1g, ami \u00e9ppen el\u00e9g. Biztosan nem ilyen lenn\u00e9k, ha v\u00e1rosi l\u00e1ny lenn\u00e9k.<\/li>\n\n\n\n<li><em>Hogy tekintett\u00e9l 5 \u00e9ves korodban erre a helyre \u00e9s hogy most?<\/em><\/li>\n\n\n\n<li>Amikor kicsi voltam, egy \u00e1lomvil\u00e1gnak t\u0171nt. Most pedig az otthonom, amit nem hagyn\u00e9k el.<\/li>\n\n\n\n<li><em>Mit gondolsz, miben m\u00e1s itt feln\u0151ni, mint v\u00e1rosban?<\/em><\/li>\n\n\n\n<li>Itt, ha s\u00f6t\u00e9tben s\u00e9t\u00e1lsz, nem a rabl\u00e1st\u00f3l f\u00e9lsz vagy ilyesmi, hanem a vaddiszn\u00f3t\u00f3l \u00e9s az \u0151zt\u0151l.<\/li>\n\n\n\n<li><em>Mit szeretn\u00e9l meg\u0151rizni ebb\u0151l a gyerekkorb\u00f3l?<\/em><\/li>\n\n\n\n<li>A boldogs\u00e1got. Azt a szabads\u00e1g\u00e9rzetet, amit ez a sziget ad.<\/li>\n\n\n\n<li><em>Hogyan hat r\u00e1d a term\u00e9szet k\u00f6zels\u00e9ge?<\/em><\/li>\n\n\n\n<li>Szeretem tavasszal a madarak csicserg\u00e9s\u00e9t, \u0151sszel az erd\u0151ben val\u00f3 s\u00e9t\u00e1l\u00e1st. Azt, hogy nem tudhatod, hogy egy bar\u00e1tod vagy pedig valami m\u00e1s fog kiugrani a bokorb\u00f3l.<\/li>\n\n\n\n<li><em>Mi\u00e9rt k\u00fcl\u00f6nleges szerinted a Szentendrei-sziget?<\/em><\/li>\n\n\n\n<li>A Duna-Ipoly Nemzeti Park r\u00e9sze, \u00e9lnek itt v\u00e9dett \u00e1llatok \u00e9s n\u00f6v\u00e9nyek.<\/li>\n\n\n\n<li><em>Hogy telik egy \u00e1tlagos napod itt?<\/em><\/li>\n\n\n\n<li>A nap nagy r\u00e9sz\u00e9t az iskol\u00e1ban t\u00f6lt\u00f6m, d\u00e9lut\u00e1n mindig kuty\u00e1t s\u00e9t\u00e1ltatok, ny\u00e1ron ak\u00e1r medenc\u00e9zek.<\/li>\n\n\n\n<li><em>Mi\u00e9rt \u00e9rzed szerencs\u00e9snek magad, hogy itt \u00e9lsz?<\/em><\/li>\n\n\n\n<li>Az\u00e9rt, mert itt olyan dolgokat tanulhatok, amit m\u00e1shol nem. M\u00e1sok \u00f3r\u00e1kat aut\u00f3k\u00e1znak, hogy olyan helyre jussanak, ami nekem mindennapos l\u00e1tv\u00e1ny. \u00c9n b\u00e1rmikor elmehetek az erd\u0151be s\u00e9t\u00e1lni, m\u00edg m\u00e1s nem.<\/li>\n\n\n\n<li><em>Mit tanult\u00e1l meg itt a szigeten?<\/em><\/li>\n\n\n\n<li>Legf\u0151k\u00e9ppen az \u00e1llatok v\u00e9delm\u00e9t, a k\u00f6rnyezet\u00fcnk \u00e9rt\u00e9k\u00e9t. Hogy milyen fontos sz\u00e1munkra.<\/li>\n\n\n\n<li><em>Ha egy mondatban k\u00e9ne elmondanod, mit is jelent neked Szigetmonostor, hogy hangzana?<\/em><\/li>\n\n\n\n<li>Valahogy \u00edgy: Az otthonom, az \u00e9letem r\u00e9sze \u00e9s nagyon szeretem.<\/li>\n\n\n\n<li><em>Milyen az sz\u00e1modra, hogy a Duna ilyen k\u00f6zel van?<\/em><\/li>\n\n\n\n<li>Ijeszt\u0151, mert meg\u00e1radhat, \u00e9s annak nem lenne olyan j\u00f3 v\u00e9ge. De szeretem is nagyon, mivel gyakran megy\u00fcnk cs\u00f3nak\u00e1zni a ny\u00e1ri sz\u00fcnetben.<\/li>\n\n\n\n<li><em>Mit adn\u00e1l tov\u00e1bb az \u00e9letedb\u0151l a k\u00f6vetkez\u0151 gener\u00e1ci\u00f3nak?<\/em><\/li>\n<\/ul>\n\n\n\n<p>Azt, hogy \u00e9n tal\u00e1n m\u00e9g pont nem az vagyok, aki a telefonj\u00e1n \u00e9l \u00e9s igaz\u00e1b\u00f3l ezt, mert ha olyan helyen \u00e9lnek, mint \u00e9n, akkor az csod\u00e1latos. Nagyon szeretem az \u00e9letemet itt. Biztosan teljesen m\u00e1s lenne az \u00e9letem \u00e9s a szem\u00e9lyis\u00e9gem, ha nem itt \u00e9ln\u00e9k. Ny\u00e1ron, \u0151sszel, t\u00e9len \u00e9s tavasszal m\u00e1st csin\u00e1lok, de minden \u00e9vszak nagyon gy\u00f6ny\u00f6r\u0171 itt. Rengeteg lehet\u0151s\u00e9g van kir\u00e1ndulni is. Mint m\u00e1r mondtam, mindenki m\u00e1shogy \u00e9li meg itt az \u00e9let\u00e9t: valakinek t\u00fcnd\u00e9rmese, valakinek kaland \u00e9s van, akinek gy\u00f6ny\u00f6r\u0171. M\u00e1r nagyon r\u00e9g nem esett annyi h\u00f3, mint most t\u00e9len. Ezt a gyerekek (\u00e9n is) nagyon \u00e9lvezik, rengeteget h\u00f3goly\u00f3znak, sz\u00e1nk\u00f3znak. Ny\u00e1ron mindenki biciklizik, a bar\u00e1taival van \u00e9s persze \u00e9lvezi a sz\u00fcnetet. Sokszor volt, hogy madarak f\u00e9szkeltek a kert\u00fcnkbe. N\u00e9ha b\u00e9k\u00e1k is bet\u00e9vednek hozz\u00e1nk. R\u00e9gebben rengeteg m\u00f3kus m\u00e1szk\u00e1lt a hatalmas feny\u0151f\u00e1inkon. Kacs\u00e1kat etet\u00fcnk a Dunaparton. Egyszer\u0171en t\u00f6k\u00e9letes itt minden! Amikor reggel arra kelsz, hogy csipognak a madarak, amikor ny\u00e1ron s\u00fct\u00f6get\u00fcnk a szabadban, vagy amikor s\u00e1trazunk a Dunaparton, amikor utcai k\u00fatb\u00f3l megt\u00f6lt\u00f6tt v\u00edzibomb\u00e1kkal egym\u00e1st kergetj\u00fck. Vagy csak \u00fagy vagyunk. Amikor egy utaz\u00e1b\u00f3l haza\u00e9r\u00fcnk, \u00e9s megl\u00e1tom az ismer\u0151s helyeket, az olyan \u00e9rz\u00e9s, ami a vil\u00e1gon semmihez, de semmihez sem foghat\u00f3. Ezt szerintem mindenki \u00e9rzi, amikor haza\u00e9r, de soha nem fogja \u00fagy \u00e9rezni, mint mi, monostoriak. Olyan sz\u00e9p itt! Olyan j\u00f3 itt!<\/p>\n\n\n\n<figure class=\"wp-block-gallery has-nested-images columns-default is-cropped wp-block-gallery-1 is-layout-flex wp-block-gallery-is-layout-flex\">\n<figure class=\"wp-block-image size-large\"><img fetchpriority=\"high\" decoding=\"async\" width=\"819\" height=\"1024\" data-id=\"1339\" src=\"https:\/\/zoldsziget.suli.hu\/wp-content\/uploads\/2026\/02\/1000016832-1-819x1024.jpg\" alt=\"\" class=\"wp-image-1339\" srcset=\"https:\/\/zoldsziget.suli.hu\/wp-content\/uploads\/2026\/02\/1000016832-1-819x1024.jpg 819w, https:\/\/zoldsziget.suli.hu\/wp-content\/uploads\/2026\/02\/1000016832-1-240x300.jpg 240w, https:\/\/zoldsziget.suli.hu\/wp-content\/uploads\/2026\/02\/1000016832-1-768x960.jpg 768w, https:\/\/zoldsziget.suli.hu\/wp-content\/uploads\/2026\/02\/1000016832-1-1229x1536.jpg 1229w, https:\/\/zoldsziget.suli.hu\/wp-content\/uploads\/2026\/02\/1000016832-1-1638x2048.jpg 1638w, https:\/\/zoldsziget.suli.hu\/wp-content\/uploads\/2026\/02\/1000016832-1-scaled.jpg 2048w\" sizes=\"(max-width: 819px) 100vw, 819px\" \/><\/figure>\n<\/figure>\n","protected":false},"excerpt":{"rendered":"<p>Az Irodalmi R\u00e1di\u00f3 Romantikus t\u00f6rt\u00e9netek c\u00edmet visel\u0151 novellap\u00e1ly\u00e1zat\u00e1ra 2025. december 10-ig v\u00e1rt\u00e1k a p\u00e1lyam\u0171veket. A p\u00e1ly\u00e1zatra Hol\u00e9 Eszter, a di\u00e1k \u00fajs\u00e1g\u00edr\u00f3 p\u00e1ly\u00e1zat egyik gy\u0151ztese, a Z\u00f6ldsziget K\u00f6rzeti \u00c1ltal\u00e1nos Iskola 6.a oszt\u00e1lyos tanul\u00f3ja is k\u00fcld\u00f6tt pr\u00f3zai \u00edr\u00e1st. Sok p\u00e1lyam\u0171 \u00e9rkezett, Eszter [&hellip;]<\/p>\n","protected":false},"author":3,"featured_media":0,"comment_status":"closed","ping_status":"open","sticky":false,"template":"","format":"standard","meta":{"footnotes":""},"categories":[1],"tags":[],"class_list":["post-1338","post","type-post","status-publish","format-standard","hentry","category-egyeb"],"_links":{"self":[{"href":"https:\/\/zoldsziget.suli.hu\/index.php?rest_route=\/wp\/v2\/posts\/1338","targetHints":{"allow":["GET"]}}],"collection":[{"href":"https:\/\/zoldsziget.suli.hu\/index.php?rest_route=\/wp\/v2\/posts"}],"about":[{"href":"https:\/\/zoldsziget.suli.hu\/index.php?rest_route=\/wp\/v2\/types\/post"}],"author":[{"embeddable":true,"href":"https:\/\/zoldsziget.suli.hu\/index.php?rest_route=\/wp\/v2\/users\/3"}],"replies":[{"embeddable":true,"href":"https:\/\/zoldsziget.suli.hu\/index.php?rest_route=%2Fwp%2Fv2%2Fcomments&post=1338"}],"version-history":[{"count":1,"href":"https:\/\/zoldsziget.suli.hu\/index.php?rest_route=\/wp\/v2\/posts\/1338\/revisions"}],"predecessor-version":[{"id":1340,"href":"https:\/\/zoldsziget.suli.hu\/index.php?rest_route=\/wp\/v2\/posts\/1338\/revisions\/1340"}],"wp:attachment":[{"href":"https:\/\/zoldsziget.suli.hu\/index.php?rest_route=%2Fwp%2Fv2%2Fmedia&parent=1338"}],"wp:term":[{"taxonomy":"category","embeddable":true,"href":"https:\/\/zoldsziget.suli.hu\/index.php?rest_route=%2Fwp%2Fv2%2Fcategories&post=1338"},{"taxonomy":"post_tag","embeddable":true,"href":"https:\/\/zoldsziget.suli.hu\/index.php?rest_route=%2Fwp%2Fv2%2Ftags&post=1338"}],"curies":[{"name":"wp","href":"https:\/\/api.w.org\/{rel}","templated":true}]}}