{"id":1552,"date":"2026-04-29T11:09:54","date_gmt":"2026-04-29T09:09:54","guid":{"rendered":"https:\/\/zoldsziget.suli.hu\/?p=1552"},"modified":"2026-04-29T13:26:56","modified_gmt":"2026-04-29T11:26:56","slug":"szigetmonostorert-emlekermet-kapott-lorinc-luca","status":"publish","type":"post","link":"https:\/\/zoldsziget.suli.hu\/?p=1552","title":{"rendered":"Szigetmonostor\u00e9rt eml\u00e9k\u00e9rmet kapott L\u0151rinc Luca"},"content":{"rendered":"\n<p>A Szigetmonostor\u00e9rt eml\u00e9k\u00e9rem ifj\u00fas\u00e1gi tagozata olyan 18 \u00e9v alatti fiataloknak adhat\u00f3, akik teljes\u00edtm\u00e9ny\u00fckkel t\u00falmutatnak saj\u00e1t koroszt\u00e1lyukon, \u00e9s p\u00e9ld\u00e1t mutatnak a k\u00f6z\u00f6ss\u00e9g sz\u00e1m\u00e1ra.<\/p>\n\n\n\n<p>L\u0151rinc Luca Anna m\u00e1r \u00e9vek \u00f3ta kitart\u00f3an \u00e9p\u00edti sport- \u00e9s m\u0171v\u00e9szeti p\u00e1ly\u00e1j\u00e1t. A n\u00e9pt\u00e1nc \u00e9s a ritmikus gimnasztika p\u00e1rhuzamos m\u0171vel\u00e9s\u00e9vel egyedi mozg\u00e1skult\u00far\u00e1t alak\u00edtott ki, amelyben az akrobatikus elemek \u00e9s a t\u00e1ncos kifejez\u00e9sm\u00f3d harmonikusan \u00f6tv\u00f6z\u0151dik. 2025-ben l\u00e1tv\u00e1nyt\u00e1ncban orsz\u00e1gos, majd eur\u00f3pai szinten is dobog\u00f3s helyez\u00e9st \u00e9rt el.<\/p>\n\n\n\n<p>Gratul\u00e1lunk, Luca \u00e9s nagyon b\u00fcszk\u00e9k vagyunk R\u00e1d!<\/p>\n\n\n\n<figure class=\"wp-block-image size-full\"><img fetchpriority=\"high\" decoding=\"async\" width=\"346\" height=\"229\" src=\"https:\/\/zoldsziget.suli.hu\/wp-content\/uploads\/2026\/04\/ffff.png\" alt=\"\" class=\"wp-image-1553\" srcset=\"https:\/\/zoldsziget.suli.hu\/wp-content\/uploads\/2026\/04\/ffff.png 346w, https:\/\/zoldsziget.suli.hu\/wp-content\/uploads\/2026\/04\/ffff-300x199.png 300w\" sizes=\"(max-width: 346px) 100vw, 346px\" \/><\/figure>\n","protected":false},"excerpt":{"rendered":"<p>A Szigetmonostor\u00e9rt eml\u00e9k\u00e9rem ifj\u00fas\u00e1gi tagozata olyan 18 \u00e9v alatti fiataloknak adhat\u00f3, akik teljes\u00edtm\u00e9ny\u00fckkel t\u00falmutatnak saj\u00e1t koroszt\u00e1lyukon, \u00e9s p\u00e9ld\u00e1t mutatnak a k\u00f6z\u00f6ss\u00e9g sz\u00e1m\u00e1ra. L\u0151rinc Luca Anna m\u00e1r \u00e9vek \u00f3ta kitart\u00f3an \u00e9p\u00edti sport- \u00e9s m\u0171v\u00e9szeti p\u00e1ly\u00e1j\u00e1t. A n\u00e9pt\u00e1nc \u00e9s a ritmikus gimnasztika [&hellip;]<\/p>\n","protected":false},"author":3,"featured_media":0,"comment_status":"closed","ping_status":"open","sticky":false,"template":"","format":"standard","meta":{"footnotes":""},"categories":[1],"tags":[],"class_list":["post-1552","post","type-post","status-publish","format-standard","hentry","category-egyeb"],"_links":{"self":[{"href":"https:\/\/zoldsziget.suli.hu\/index.php?rest_route=\/wp\/v2\/posts\/1552","targetHints":{"allow":["GET"]}}],"collection":[{"href":"https:\/\/zoldsziget.suli.hu\/index.php?rest_route=\/wp\/v2\/posts"}],"about":[{"href":"https:\/\/zoldsziget.suli.hu\/index.php?rest_route=\/wp\/v2\/types\/post"}],"author":[{"embeddable":true,"href":"https:\/\/zoldsziget.suli.hu\/index.php?rest_route=\/wp\/v2\/users\/3"}],"replies":[{"embeddable":true,"href":"https:\/\/zoldsziget.suli.hu\/index.php?rest_route=%2Fwp%2Fv2%2Fcomments&post=1552"}],"version-history":[{"count":1,"href":"https:\/\/zoldsziget.suli.hu\/index.php?rest_route=\/wp\/v2\/posts\/1552\/revisions"}],"predecessor-version":[{"id":1554,"href":"https:\/\/zoldsziget.suli.hu\/index.php?rest_route=\/wp\/v2\/posts\/1552\/revisions\/1554"}],"wp:attachment":[{"href":"https:\/\/zoldsziget.suli.hu\/index.php?rest_route=%2Fwp%2Fv2%2Fmedia&parent=1552"}],"wp:term":[{"taxonomy":"category","embeddable":true,"href":"https:\/\/zoldsziget.suli.hu\/index.php?rest_route=%2Fwp%2Fv2%2Fcategories&post=1552"},{"taxonomy":"post_tag","embeddable":true,"href":"https:\/\/zoldsziget.suli.hu\/index.php?rest_route=%2Fwp%2Fv2%2Ftags&post=1552"}],"curies":[{"name":"wp","href":"https:\/\/api.w.org\/{rel}","templated":true}]}}